{"id":190,"date":"2022-02-18T11:30:26","date_gmt":"2022-02-18T11:30:26","guid":{"rendered":"https:\/\/www.hofbesichtigung.ch\/?p=190"},"modified":"2022-02-18T11:36:59","modified_gmt":"2022-02-18T11:36:59","slug":"hofbesichtigung-mittelland","status":"publish","type":"post","link":"https:\/\/www.hofbesichtigung.ch\/index.php\/2022\/02\/18\/hofbesichtigung-mittelland\/","title":{"rendered":"Hofbesichtigung Mittelland"},"content":{"rendered":"<p><strong>Bauernhof besichtigen und br\u00e4teln am See?<\/strong><\/p>\n<p>Schon bald erfahren Sie mehr wie Sie auf einer <a href=\"https:\/\/www.radurlaub-schweiz.ch\/radtouren-mittelland\/velotouren-ab-solothurn\/\" target=\"_blank\" rel=\"noopener\">Velotour ab Solothurn<\/a> mehrere spannende KMU besichtigen k\u00f6nnen. 1 Tagestour oder <a href=\"https:\/\/www.radurlaub-schweiz.ch\/kontakt\/\" target=\"_blank\" rel=\"noopener\">Velowoche nur via\u00a0 Guide buchbar.<\/a><\/p>\n<p><a href=\"https:\/\/www.radurlaub-schweiz.ch\/kontakt\/\"><img loading=\"lazy\" decoding=\"async\" class=\"alignnone wp-image-191\" src=\"https:\/\/www.hofbesichtigung.ch\/wp-content\/uploads\/2022\/02\/foto-solothurn-300x114.jpg\" alt=\"\" width=\"1400\" height=\"531\" srcset=\"https:\/\/www.hofbesichtigung.ch\/wp-content\/uploads\/2022\/02\/foto-solothurn-300x114.jpg 300w, https:\/\/www.hofbesichtigung.ch\/wp-content\/uploads\/2022\/02\/foto-solothurn-1024x389.jpg 1024w, https:\/\/www.hofbesichtigung.ch\/wp-content\/uploads\/2022\/02\/foto-solothurn-768x292.jpg 768w, https:\/\/www.hofbesichtigung.ch\/wp-content\/uploads\/2022\/02\/foto-solothurn.jpg 1375w\" sizes=\"auto, (max-width: 1400px) 100vw, 1400px\" \/><\/a><\/p>\n<p>F\u00fcr die Velo- oder Wanderwoche erhalten Sie alle Karten und f\u00fcr die Radurlaubswoche k\u00f6nnen Sie ein Rad mieten mit GPS Display zum selber fahren. Die empfohlene Ferienwohnung direkt am Veloweg urzeitenweg auf dem Bauernhof mit 4 Zimmer bis zu 5 Erwachsene.<\/p>\n<p><img loading=\"lazy\" decoding=\"async\" class=\"alignnone size-medium\" src=\"https:\/\/www.wasseramt.ch\/wp-content\/uploads\/2022\/02\/gruppe-wandern-inkwilersee-wasseramt-mai2912-116.jpg\" alt=\"ferienwohnung solothurn\" width=\"2316\" height=\"1700\" \/><\/p>\n<p><a href=\"https:\/\/ferienwohung-solothurn.jimdo.com\/ferienwohnung-solothurn-mieten\/fewo-inkwilersee-miete\/\" target=\"_blank\" rel=\"noopener\">Ferienwohnung Solothurn nah<\/a> im zentralen Mittelland<\/p>\n<p>&nbsp;<\/p>\n","protected":false},"excerpt":{"rendered":"<p>Bauernhof besichtigen und br\u00e4teln am See? Schon bald erfahren Sie mehr wie Sie auf einer Velotour ab Solothurn mehrere spannende KMU besichtigen k\u00f6nnen. 1 Tagestour oder Velowoche nur via\u00a0 Guide buchbar. F\u00fcr die Velo- oder Wanderwoche erhalten Sie alle Karten und f\u00fcr die Radurlaubswoche k\u00f6nnen Sie ein Rad mieten mit GPS Display zum selber fahren. [&hellip;]<\/p>\n","protected":false},"author":1,"featured_media":0,"comment_status":"closed","ping_status":"open","sticky":false,"template":"","format":"standard","meta":{"footnotes":""},"categories":[1],"tags":[],"class_list":{"0":"post-190","1":"post","2":"type-post","3":"status-publish","4":"format-standard","6":"category-allgemein","7":"czr-hentry"},"_links":{"self":[{"href":"https:\/\/www.hofbesichtigung.ch\/index.php\/wp-json\/wp\/v2\/posts\/190","targetHints":{"allow":["GET"]}}],"collection":[{"href":"https:\/\/www.hofbesichtigung.ch\/index.php\/wp-json\/wp\/v2\/posts"}],"about":[{"href":"https:\/\/www.hofbesichtigung.ch\/index.php\/wp-json\/wp\/v2\/types\/post"}],"author":[{"embeddable":true,"href":"https:\/\/www.hofbesichtigung.ch\/index.php\/wp-json\/wp\/v2\/users\/1"}],"replies":[{"embeddable":true,"href":"https:\/\/www.hofbesichtigung.ch\/index.php\/wp-json\/wp\/v2\/comments?post=190"}],"version-history":[{"count":5,"href":"https:\/\/www.hofbesichtigung.ch\/index.php\/wp-json\/wp\/v2\/posts\/190\/revisions"}],"predecessor-version":[{"id":196,"href":"https:\/\/www.hofbesichtigung.ch\/index.php\/wp-json\/wp\/v2\/posts\/190\/revisions\/196"}],"wp:attachment":[{"href":"https:\/\/www.hofbesichtigung.ch\/index.php\/wp-json\/wp\/v2\/media?parent=190"}],"wp:term":[{"taxonomy":"category","embeddable":true,"href":"https:\/\/www.hofbesichtigung.ch\/index.php\/wp-json\/wp\/v2\/categories?post=190"},{"taxonomy":"post_tag","embeddable":true,"href":"https:\/\/www.hofbesichtigung.ch\/index.php\/wp-json\/wp\/v2\/tags?post=190"}],"curies":[{"name":"wp","href":"https:\/\/api.w.org\/{rel}","templated":true}]}}